{"id":1154,"date":"2023-10-16T15:40:38","date_gmt":"2023-10-16T15:40:38","guid":{"rendered":"https:\/\/artesanoglobalfoundation.org\/?p=1154"},"modified":"2024-01-30T14:55:49","modified_gmt":"2024-01-30T14:55:49","slug":"luis-quintero-maestro-de-la-guitarra-en-margarita","status":"publish","type":"post","link":"https:\/\/artesanoglobalfoundation.org\/index.php\/es\/2023\/10\/16\/luis-quintero-maestro-de-la-guitarra-en-margarita\/","title":{"rendered":"LUIS QUINTERO, MAESTRO DE LA GUITARRA, EN MARGARITA"},"content":{"rendered":"\t\t<div data-elementor-type=\"wp-post\" data-elementor-id=\"1154\" class=\"elementor elementor-1154\">\n\t\t\t\t\t\t\t\t\t<section class=\"elementor-section elementor-top-section elementor-element elementor-element-8fd6b1f elementor-section-boxed elementor-section-height-default elementor-section-height-default\" data-id=\"8fd6b1f\" data-element_type=\"section\">\n\t\t\t\t\t\t<div class=\"elementor-container elementor-column-gap-default\">\n\t\t\t\t\t<div class=\"elementor-column elementor-col-100 elementor-top-column elementor-element elementor-element-5d12be00\" data-id=\"5d12be00\" data-element_type=\"column\">\n\t\t\t<div class=\"elementor-widget-wrap elementor-element-populated\">\n\t\t\t\t\t\t\t\t<div class=\"elementor-element elementor-element-1aef1eb0 elementor-widget elementor-widget-text-editor\" data-id=\"1aef1eb0\" data-element_type=\"widget\" data-widget_type=\"text-editor.default\">\n\t\t\t\t<div class=\"elementor-widget-container\">\n\t\t\t<style>\/*! elementor - v3.15.0 - 09-08-2023 *\/\n.elementor-widget-text-editor.elementor-drop-cap-view-stacked .elementor-drop-cap{background-color:#69727d;color:#fff}.elementor-widget-text-editor.elementor-drop-cap-view-framed .elementor-drop-cap{color:#69727d;border:3px solid;background-color:transparent}.elementor-widget-text-editor:not(.elementor-drop-cap-view-default) .elementor-drop-cap{margin-top:8px}.elementor-widget-text-editor:not(.elementor-drop-cap-view-default) .elementor-drop-cap-letter{width:1em;height:1em}.elementor-widget-text-editor .elementor-drop-cap{float:left;text-align:center;line-height:1;font-size:50px}.elementor-widget-text-editor .elementor-drop-cap-letter{display:inline-block}<\/style>\t\t\t\t<!-- wp:image {\"align\":\"center\",\"id\":1155,\"sizeSlug\":\"full\",\"linkDestination\":\"none\"} -->\n<figure class=\"wp-block-image aligncenter size-full\"><img decoding=\"async\" loading=\"lazy\" width=\"534\" height=\"800\" src=\"https:\/\/artesanoglobalfoundation.org\/wp-content\/uploads\/2023\/10\/Luis-Quintero-1.jpeg\" alt=\"\" class=\"wp-image-1155\" srcset=\"https:\/\/artesanoglobalfoundation.org\/wp-content\/uploads\/2023\/10\/Luis-Quintero-1.jpeg 534w, https:\/\/artesanoglobalfoundation.org\/wp-content\/uploads\/2023\/10\/Luis-Quintero-1-200x300.jpeg 200w\" sizes=\"(max-width: 534px) 100vw, 534px\" \/><\/figure>\n<!-- \/wp:image -->\n\n<!-- wp:paragraph -->\n<p><\/p>\n<!-- \/wp:paragraph -->\n\n<!-- wp:paragraph -->\n<p>Avalado por una trayectoria que lo acredita como uno de los m\u00e1s destacados representantes de la Gran Escuela Guitarr\u00edstica venezolana, el maestro Luis Quintero arriba a Margarita para compartir sus conocimientos en una <em>master class<\/em>, que ser\u00e1 ofrecida en el Conservatorio de M\u00fasica y Danza Alberto Requena, ubicado en Los Robles, el d\u00eda viernes 27 de octubre, de 3:00 a 6:00 p.m. La clase se impartir\u00e1 en forma de concierto did\u00e1ctico, en el que el maestro Quintero rendir\u00e1 homenaje al centenario del nacimiento de dos grandes exponentes de la guitarra, los maestros Alirio D\u00edaz y Rodrigo Riera, ambos nacidos en 1923. Los arreglos para el instrumento realizados por D\u00edaz y las composiciones de Riera ser\u00e1n los temas que abordar\u00e1 el maestro Quintero en su clase.\u00a0<\/p>\n<!-- \/wp:paragraph -->\n\n<!-- wp:spacer {\"height\":\"15px\"} -->\n<div style=\"height:15px\" aria-hidden=\"true\" class=\"wp-block-spacer\"><\/div>\n<!-- \/wp:spacer -->\n\n<!-- wp:paragraph -->\n<p>Al d\u00eda siguiente, el 28 de octubre, a las 5:00 p.m., el mismo lugar acoger\u00e1 el concierto titulado <em>Nostalgia venezolana<\/em>, en el que el maestro Quintero interpretar\u00e1 algunas de las obras m\u00e1s relevantes del repertorio de guitarra, encabezado en este caso por la <em>Gran sonata heroica<\/em>, del compositor y guitarrista italiano Mauro Giuliani, y que incluye tambi\u00e9n piezas de los espa\u00f1oles Isaac Alb\u00e9niz, Joaqu\u00edn Malats y Francisco T\u00e1rrega; del paraguayo Agust\u00edn Barrios, del franc\u00e9s Roland Dyens y, por supuesto, del venezolano Antonio Lauro. El variado programa incorpora, asimismo, a otros compositores, como el argentino Astor Piazzolla y el cubano Ernesto Lecuona, y una significativa muestra de la m\u00fasica popular y folkl\u00f3rica nuestra, con obras de Ovelio Riera, Antonio Carrillo, Heraclio Fern\u00e1ndez e Ignacio Figueredo, adem\u00e1s del mencionado Lauro, y cuyo cierre es un <em>Pajarillo<\/em> con arreglos del propio Quintero.<\/p>\n<!-- \/wp:paragraph -->\n\n<!-- wp:spacer {\"height\":\"15px\"} -->\n<div style=\"height:15px\" aria-hidden=\"true\" class=\"wp-block-spacer\"><\/div>\n<!-- \/wp:spacer -->\n\n<!-- wp:paragraph -->\n<p>Importantes escenarios de Estados Unidos, Europa, Latinoam\u00e9rica, Asia y \u00c1frica han celebrado la depurada t\u00e9cnica, la extraordinaria musicalidad y el portentoso virtuosismo que caracteriza el arte del maestro Luis Quintero. Su presencia es habitual en los m\u00e1s importantes festivales internacionales de guitarra y ejerce como director art\u00edstico del Festival Internacional de Guitarra y Academia Solistas del Mundo. Premios, como el de la Bienal Antonio Lauro para Int\u00e9rpretes Profesionales y del Concurso Rodrigo Riera, y condecoraciones, como la Orden Jos\u00e9 F\u00e9lix Ribas, y las dedicatorias de obras de destacados compositores venezolanos, son algunos de los reconocimientos y honores que ha recibido este m\u00fasico venezolano que form\u00f3 parte de la primera promoci\u00f3n de la C\u00e1tedra de Posgrado de Guitarra de la Escuela Juilliard, el prestigioso conservatorio neoyorkino, y quien, en el decir del maestro Alirio D\u00edaz, \u201cenaltece exquisitamente el arte venezolano, latinoamericano y universal, nacido en la guitarra como las flores m\u00e1s naturales del \u00e1rbol de la m\u00fasica\u201d.<\/p>\n<!-- \/wp:paragraph -->\n\n<!-- wp:spacer {\"height\":\"15px\"} -->\n<div style=\"height:15px\" aria-hidden=\"true\" class=\"wp-block-spacer\"><\/div>\n<!-- \/wp:spacer -->\n\n<!-- wp:paragraph -->\n<p>Fundaci\u00f3n ArtesanoGroup y sus aliados, el Conservatorio de M\u00fasica y Danza Alberto Requena, Artesano Global Foundation y Carre\u00f1o Foundation, de Estados Unidos, comprometidos con la formaci\u00f3n de los j\u00f3venes talentos y la difusi\u00f3n del arte musical, hacen posible la presencia del maestro Quintero en nuestra isla.<\/p>\n<!-- \/wp:paragraph -->\n\n<!-- wp:spacer {\"height\":\"50px\"} -->\n<div style=\"height:50px\" aria-hidden=\"true\" class=\"wp-block-spacer\"><\/div>\n<!-- \/wp:spacer -->\n\n<!-- wp:paragraph {\"align\":\"center\"} -->\n<p class=\"has-text-align-center\"><strong>Luis Quintero en Margarita<\/strong><\/p>\n<!-- \/wp:paragraph -->\n\n<!-- wp:paragraph {\"align\":\"center\"} -->\n<p class=\"has-text-align-center\"><strong>Viernes 27 de octubre de 2023<\/strong><br><em>Master class<\/em><br>Hora: 3:00 a 6:00 p.m<em>.<\/em><br>Lugar: Conservatorio de M\u00fasica y Danza Alberto Requena, Los Robles, isla de Margarita<\/p>\n<!-- \/wp:paragraph -->\n\n<!-- wp:spacer {\"height\":\"45px\"} -->\n<div style=\"height:45px\" aria-hidden=\"true\" class=\"wp-block-spacer\"><\/div>\n<!-- \/wp:spacer -->\n\n<!-- wp:paragraph {\"align\":\"center\"} -->\n<p class=\"has-text-align-center\"><strong>S\u00e1bado 28 de octubre de 2023<\/strong><br>Concierto<br>Hora: 5: p.m.<br>Lugar: Conservatorio de M\u00fasica y Danza Alberto Requena, Los Robles, isla de Margarita<\/p>\n<!-- \/wp:paragraph -->\n\n<!-- wp:paragraph {\"align\":\"center\"} -->\n<p class=\"has-text-align-center\"><em>Cupos limitados \u2013 M\u00e1s informaci\u00f3n por el tel\u00e9fono 0424 849 3858<\/em><\/p>\n<!-- \/wp:paragraph -->\t\t\t\t\t\t<\/div>\n\t\t\t\t<\/div>\n\t\t\t\t\t<\/div>\n\t\t<\/div>\n\t\t\t\t\t\t\t<\/div>\n\t\t<\/section>\n\t\t\t\t\t\t\t<\/div>\n\t\t","protected":false},"excerpt":{"rendered":"<p>El maestro Luis Quintero arriba a Margarita para compartir sus conocimientos en una master class, que ser\u00e1 ofrecida en el Conservatorio de M\u00fasica y Danza Alberto Requena<\/p>\n","protected":false},"author":1,"featured_media":1149,"comment_status":"open","ping_status":"open","sticky":false,"template":"","format":"standard","meta":{"footnotes":""},"categories":[24],"tags":[],"_links":{"self":[{"href":"https:\/\/artesanoglobalfoundation.org\/index.php\/wp-json\/wp\/v2\/posts\/1154"}],"collection":[{"href":"https:\/\/artesanoglobalfoundation.org\/index.php\/wp-json\/wp\/v2\/posts"}],"about":[{"href":"https:\/\/artesanoglobalfoundation.org\/index.php\/wp-json\/wp\/v2\/types\/post"}],"author":[{"embeddable":true,"href":"https:\/\/artesanoglobalfoundation.org\/index.php\/wp-json\/wp\/v2\/users\/1"}],"replies":[{"embeddable":true,"href":"https:\/\/artesanoglobalfoundation.org\/index.php\/wp-json\/wp\/v2\/comments?post=1154"}],"version-history":[{"count":5,"href":"https:\/\/artesanoglobalfoundation.org\/index.php\/wp-json\/wp\/v2\/posts\/1154\/revisions"}],"predecessor-version":[{"id":1238,"href":"https:\/\/artesanoglobalfoundation.org\/index.php\/wp-json\/wp\/v2\/posts\/1154\/revisions\/1238"}],"wp:featuredmedia":[{"embeddable":true,"href":"https:\/\/artesanoglobalfoundation.org\/index.php\/wp-json\/wp\/v2\/media\/1149"}],"wp:attachment":[{"href":"https:\/\/artesanoglobalfoundation.org\/index.php\/wp-json\/wp\/v2\/media?parent=1154"}],"wp:term":[{"taxonomy":"category","embeddable":true,"href":"https:\/\/artesanoglobalfoundation.org\/index.php\/wp-json\/wp\/v2\/categories?post=1154"},{"taxonomy":"post_tag","embeddable":true,"href":"https:\/\/artesanoglobalfoundation.org\/index.php\/wp-json\/wp\/v2\/tags?post=1154"}],"curies":[{"name":"wp","href":"https:\/\/api.w.org\/{rel}","templated":true}]}}